{"id":10157,"date":"2016-07-01T11:48:26","date_gmt":"2016-07-01T09:48:26","guid":{"rendered":"https:\/\/www.bejart.ch\/disparition-de-duska-sifnios\/"},"modified":"2018-08-29T10:50:26","modified_gmt":"2018-08-29T08:50:26","slug":"a-duska-sifnios","status":"publish","type":"post","link":"https:\/\/www.bejart.ch\/en\/a-duska-sifnios\/","title":{"rendered":"\u00c0 Duska Sifnios"},"content":{"rendered":"<p>Elle avait cr\u00e9\u00e9 la M\u00e9lodie sur la table de Bol\u00e9ro et particip\u00e9 \u00e0 d\u2019innombrables ballets de Maurice B\u00e9jart. Duska Sifnios s\u2019est \u00e9teinte dans la nuit du 12 au 13 octobre, \u00e0 Bruxelles, rejoignant ainsi la longue s\u00e9rie des disparus du Ballet du XXe Si\u00e8cle : Germinal Casado, Catherine Verneuil, Paolo Bortoluzzi\u2026<\/p>\n<div id=\"attachment_6103\" style=\"width: 400px\" class=\"wp-caption alignleft\"><a class=\"venobox bbl-image\" href=\"http:\/\/www.bejart.ch\/wp-content\/uploads\/duska-sifnios-a-la-creation-de-bolero_-bruxelles_theatre-royal-de-la-monnaie_10-janvier-1961.jpg\" class=\"fresco\" data-fresco-caption=\"\" data-fresco-options=\"thumbnails:false\" ><img decoding=\"async\" aria-describedby=\"caption-attachment-6103\" class=\"wp-image-6103 size-medium img-responsive img-content\" src=\"https:\/\/www.bejart.ch\/wp-content\/uploads\/\/duska-sifnios-a-la-creation-de-bolero_-bruxelles_theatre-royal-de-la-monnaie_10-janvier-1961-400x437.jpg\" alt=\"\" width=\"400\" height=\"437\" srcset=\"https:\/\/www.bejart.ch\/wp-content\/uploads\/duska-sifnios-a-la-creation-de-bolero_-bruxelles_theatre-royal-de-la-monnaie_10-janvier-1961-400x437.jpg 400w, https:\/\/www.bejart.ch\/wp-content\/uploads\/duska-sifnios-a-la-creation-de-bolero_-bruxelles_theatre-royal-de-la-monnaie_10-janvier-1961-800x873.jpg 800w, https:\/\/www.bejart.ch\/wp-content\/uploads\/duska-sifnios-a-la-creation-de-bolero_-bruxelles_theatre-royal-de-la-monnaie_10-janvier-1961-768x839.jpg 768w, https:\/\/www.bejart.ch\/wp-content\/uploads\/duska-sifnios-a-la-creation-de-bolero_-bruxelles_theatre-royal-de-la-monnaie_10-janvier-1961-1465x1600.jpg 1465w, https:\/\/www.bejart.ch\/wp-content\/uploads\/duska-sifnios-a-la-creation-de-bolero_-bruxelles_theatre-royal-de-la-monnaie_10-janvier-1961-733x800.jpg 733w\" sizes=\"(max-width: 400px) 100vw, 400px\" \/><\/a><p id=\"caption-attachment-6103\" class=\"wp-caption-text\">Duska Sifnios \u00e0 la cr\u00e9ation de Bol\u00e9ro &#8211; Bruxelles, Th\u00e9\u00e2tre Royal de la Monnaie (10 janvier 1961).<\/p><\/div>\n<p>N\u00e9e \u00e0 Skopje, en Mac\u00e9doine, le 15 octobre 1934, elle fait ses d\u00e9buts en 1951 \u00e0 l\u2019Op\u00e9ra de Belgrade et poursuit sa formation en Union sovi\u00e9tique aupr\u00e8s de Lavrovsky et de Messerer. Suite \u00e0 quoi, Duska Sifnios rejoint la compagnie de son compatriote Milorad Miskovitch, puis le Ballet Europeo de L\u00e9onide Massine. C\u2019est \u00e0 la faveur du Festival de Nervi 1960 dont Massine assure la direction artistique que B\u00e9jart la d\u00e9couvre \u00e0 la plage, sortant ruisselante de la mer. Germinal Casado, \u00e9galement pr\u00e9sent, est frapp\u00e9 par \u00ab son agressive beaut\u00e9 \u00bb, \u00ab son allure hautaine \u00bb, \u00ab son physique de panth\u00e8re \u00bb.<\/p>\n<p>Maurice B\u00e9jart, pour la d\u00e9cider \u00e0 le suivre \u00e0 Bruxelles, lui promet un ballet o\u00f9 elle aura aussi les cheveux tremp\u00e9s d\u2019eau. Ce sera Bol\u00e9ro (1961). Pendant une dizaine d\u2019ann\u00e9es Duska Sifnios est de toutes les grandes cr\u00e9ations du Ballet du XXe Si\u00e8cle, des Quatre Fils Aymon \u00e0 Noces, de la Suite viennoise \u00e0 la Neuvi\u00e8me Symphonie de Beethoven. Mais c\u2019est naturellement \u00e0 Bol\u00e9ro que son nom reste attach\u00e9. Elle y est \u00ab superbe et fastueuse, faisant impudemment \u00e9talage d\u2019un narcissisme d\u2019enfant \u00bb, pour citer Maurice B\u00e9jart.<\/p>\n<p>Retir\u00e9e de la sc\u00e8ne, Duska Sifnios \u00e9pouse le chef d\u2019orchestre de la Monnaie, Andr\u00e9 Vandernoot (1927-1991). Le B\u00e9jart Ballet Lausanne et son directeur artistique Gil Roman s\u2019associent pleinement \u00e0 la douleur de leur fille, la com\u00e9dienne Alexandra Vandernoot et de son fils Patrick Vandernoot.<\/p>\n","protected":false},"excerpt":{"rendered":"<p>Elle avait cr\u00e9\u00e9 la M\u00e9lodie sur la table de Bol\u00e9ro et particip\u00e9 \u00e0 d\u2019innombrables ballets de Maurice B\u00e9jart. Duska Sifnios s\u2019est \u00e9teinte dans la nuit du 12 au 13 octobre, \u00e0 Bruxelles, rejoignant ainsi la longue s\u00e9rie des disparus du Ballet du XXe Si\u00e8cle : Germinal Casado, Catherine Verneuil, Paolo Bortoluzzi\u2026 N\u00e9e \u00e0 Skopje, en [&hellip;]<\/p>\n","protected":false},"author":1,"featured_media":0,"comment_status":"closed","ping_status":"closed","sticky":false,"template":"","format":"standard","meta":{"_acf_changed":false,"_monsterinsights_skip_tracking":false,"_monsterinsights_sitenote_active":false,"_monsterinsights_sitenote_note":"","_monsterinsights_sitenote_category":0,"wds_primary_category":0,"footnotes":""},"categories":[],"tags":[],"class_list":["post-10157","post","type-post","status-publish","format-standard","hentry"],"acf":[],"_links":{"self":[{"href":"https:\/\/www.bejart.ch\/en\/wp-json\/wp\/v2\/posts\/10157","targetHints":{"allow":["GET"]}}],"collection":[{"href":"https:\/\/www.bejart.ch\/en\/wp-json\/wp\/v2\/posts"}],"about":[{"href":"https:\/\/www.bejart.ch\/en\/wp-json\/wp\/v2\/types\/post"}],"author":[{"embeddable":true,"href":"https:\/\/www.bejart.ch\/en\/wp-json\/wp\/v2\/users\/1"}],"replies":[{"embeddable":true,"href":"https:\/\/www.bejart.ch\/en\/wp-json\/wp\/v2\/comments?post=10157"}],"version-history":[{"count":0,"href":"https:\/\/www.bejart.ch\/en\/wp-json\/wp\/v2\/posts\/10157\/revisions"}],"wp:attachment":[{"href":"https:\/\/www.bejart.ch\/en\/wp-json\/wp\/v2\/media?parent=10157"}],"wp:term":[{"taxonomy":"category","embeddable":true,"href":"https:\/\/www.bejart.ch\/en\/wp-json\/wp\/v2\/categories?post=10157"},{"taxonomy":"post_tag","embeddable":true,"href":"https:\/\/www.bejart.ch\/en\/wp-json\/wp\/v2\/tags?post=10157"}],"curies":[{"name":"wp","href":"https:\/\/api.w.org\/{rel}","templated":true}]}}